{"id":254,"date":"2016-05-08T14:33:04","date_gmt":"2016-05-08T13:33:04","guid":{"rendered":"http:\/\/www.beipass.at\/wordpress-321\/?p=254"},"modified":"2016-10-05T15:29:14","modified_gmt":"2016-10-05T14:29:14","slug":"malkurs-am-annaberg","status":"publish","type":"post","link":"https:\/\/www.beipass.at\/wordpress-321\/?p=254","title":{"rendered":"Aquarell-Malkurs am Annaberg 1 &#8211; R\u00fcckschau"},"content":{"rendered":"<p>In der Zeit vom 15. &#8211; 17.07.2016 gab ich gemeinsam mit Monika Kiehn einen\u00a0Aquarell-Malkurs am Annaberg in den historischen R\u00e4umlichkeiten der <a href=\"http:\/\/www.gamsburg.at\" target=\"_blank\">Gamsburg<\/a> im ehemaligen Atelier von\u00a0Sepp Gamsj\u00e4ger.<\/p>\n<p><a href=\"https:\/\/www.beipass.at\/wordpress-321\/wp-content\/uploads\/2016\/08\/Plakat_Annaberg1_Screenshot.jpg\"><img loading=\"lazy\" decoding=\"async\" class=\"alignnone size-full wp-image-294\" src=\"https:\/\/www.beipass.at\/wordpress-321\/wp-content\/uploads\/2016\/08\/Plakat_Annaberg1_Screenshot.jpg\" alt=\"Plakat_Annaberg1_Screenshot\" width=\"618\" height=\"861\" srcset=\"https:\/\/www.beipass.at\/wordpress-321\/wp-content\/uploads\/2016\/08\/Plakat_Annaberg1_Screenshot.jpg 618w, https:\/\/www.beipass.at\/wordpress-321\/wp-content\/uploads\/2016\/08\/Plakat_Annaberg1_Screenshot-215x300.jpg 215w\" sizes=\"(max-width: 618px) 100vw, 618px\" \/><\/a><\/p>\n<p>Tolles Ambiente, tolle Leute, tolle Ergebnisse !<\/p>\n<p><a href=\"https:\/\/www.beipass.at\/wordpress-321\/wp-content\/uploads\/2016\/08\/Malkurs_Annaberg1.jpg\"><img loading=\"lazy\" decoding=\"async\" class=\"alignnone size-full wp-image-300\" src=\"https:\/\/www.beipass.at\/wordpress-321\/wp-content\/uploads\/2016\/08\/Malkurs_Annaberg1.jpg\" alt=\"Malkurs_Annaberg1\" width=\"2606\" height=\"1737\" srcset=\"https:\/\/www.beipass.at\/wordpress-321\/wp-content\/uploads\/2016\/08\/Malkurs_Annaberg1.jpg 2606w, https:\/\/www.beipass.at\/wordpress-321\/wp-content\/uploads\/2016\/08\/Malkurs_Annaberg1-300x200.jpg 300w, https:\/\/www.beipass.at\/wordpress-321\/wp-content\/uploads\/2016\/08\/Malkurs_Annaberg1-768x512.jpg 768w, https:\/\/www.beipass.at\/wordpress-321\/wp-content\/uploads\/2016\/08\/Malkurs_Annaberg1-1024x683.jpg 1024w\" sizes=\"(max-width: 2606px) 100vw, 2606px\" \/><\/a><br \/>\n<em>[Klicken zum Vergr\u00f6\u00dfern]<\/em><\/p>\n<p>&nbsp;<\/p>\n","protected":false},"excerpt":{"rendered":"<p>In der Zeit vom 15. &#8211; 17.07.2016 gab ich gemeinsam mit Monika Kiehn einen\u00a0Aquarell-Malkurs am Annaberg in den historischen R\u00e4umlichkeiten der Gamsburg im ehemaligen Atelier von\u00a0Sepp Gamsj\u00e4ger. Tolles Ambiente, tolle Leute, tolle Ergebnisse ! [Klicken zum Vergr\u00f6\u00dfern] &nbsp;<\/p>\n","protected":false},"author":2,"featured_media":0,"comment_status":"open","ping_status":"open","sticky":false,"template":"","format":"standard","meta":{"footnotes":""},"categories":[1],"tags":[],"_links":{"self":[{"href":"https:\/\/www.beipass.at\/wordpress-321\/index.php?rest_route=\/wp\/v2\/posts\/254"}],"collection":[{"href":"https:\/\/www.beipass.at\/wordpress-321\/index.php?rest_route=\/wp\/v2\/posts"}],"about":[{"href":"https:\/\/www.beipass.at\/wordpress-321\/index.php?rest_route=\/wp\/v2\/types\/post"}],"author":[{"embeddable":true,"href":"https:\/\/www.beipass.at\/wordpress-321\/index.php?rest_route=\/wp\/v2\/users\/2"}],"replies":[{"embeddable":true,"href":"https:\/\/www.beipass.at\/wordpress-321\/index.php?rest_route=%2Fwp%2Fv2%2Fcomments&post=254"}],"version-history":[{"count":14,"href":"https:\/\/www.beipass.at\/wordpress-321\/index.php?rest_route=\/wp\/v2\/posts\/254\/revisions"}],"predecessor-version":[{"id":314,"href":"https:\/\/www.beipass.at\/wordpress-321\/index.php?rest_route=\/wp\/v2\/posts\/254\/revisions\/314"}],"wp:attachment":[{"href":"https:\/\/www.beipass.at\/wordpress-321\/index.php?rest_route=%2Fwp%2Fv2%2Fmedia&parent=254"}],"wp:term":[{"taxonomy":"category","embeddable":true,"href":"https:\/\/www.beipass.at\/wordpress-321\/index.php?rest_route=%2Fwp%2Fv2%2Fcategories&post=254"},{"taxonomy":"post_tag","embeddable":true,"href":"https:\/\/www.beipass.at\/wordpress-321\/index.php?rest_route=%2Fwp%2Fv2%2Ftags&post=254"}],"curies":[{"name":"wp","href":"https:\/\/api.w.org\/{rel}","templated":true}]}}